{"id":301,"__str__":"Indica\u00e7\u00e3o do Vereador Orleilson n\u00ba 1 de 2026","link_detail_backend":"/materia/301","metadata":{},"numero":1,"ano":2026,"numero_protocolo":null,"data_apresentacao":"2026-03-24","tipo_apresentacao":"E","data_publicacao":null,"numero_origem_externa":"","ano_origem_externa":null,"data_origem_externa":null,"apelido":"","dias_prazo":null,"data_fim_prazo":null,"em_tramitacao":true,"polemica":false,"objeto":"","complementar":false,"ementa":"indicando a Mudan\u00e7a da fia\u00e7\u00e3o el\u00e9trica para ilumina\u00e7\u00e3o da Comunidade dos Navegantes, localizada em frente \u00e0 Cidade de Coari, neste munic\u00edpio;","indexacao":"","observacao":"","resultado":"","texto_original":"http://sapl.coari.am.leg.br/media/sapl/public/materialegislativa/2026/301/indicacao_no_001_de_2026_do_vereador_orleilson__sobre_a_iluminacao_eletrica_da_comunidade_dos_navegantes.pdf","data_ultima_atualizacao":"2026-04-14T12:52:15.270736-03:00","ip":"192.141.12.41","ultima_edicao":"2026-04-14T12:47:05.888222-03:00","tipo":27,"regime_tramitacao":1,"tipo_origem_externa":null,"local_origem_externa":null,"user":25,"anexadas":[],"autores":[6]}